{"id":994925,"date":"2026-05-03T12:52:24","date_gmt":"2026-05-03T12:52:24","guid":{"rendered":"https:\/\/corpenza.com\/practicas-legales-en-el-alquiler-de-personal-extranjero-en-la-ue\/"},"modified":"2026-05-03T12:52:24","modified_gmt":"2026-05-03T12:52:24","slug":"practicas-legales-en-el-alquiler-de-personal-extranjero-en-la-ue","status":"publish","type":"post","link":"https:\/\/corpenza.com\/es\/practicas-legales-en-el-alquiler-de-personal-extranjero-en-la-ue\/","title":{"rendered":"Pr\u00e1cticas legales en el alquiler de personal extranjero en la UE"},"content":{"rendered":"<div class=\"vgblk-rw-wrapper limit-wrapper\">\n<h2>\u00bfPor qu\u00e9 est\u00e1 en la agenda el alquiler de personal extranjero en la UE? <\/h2>\n<p>Para las empresas en crecimiento en la Uni\u00f3n Europea, <strong>la contrataci\u00f3n r\u00e1pida<\/strong>, <strong>el cumplimiento normativo<\/strong> y <strong>la gesti\u00f3n de costos<\/strong> son tres temas cr\u00edticos que deben resolverse simult\u00e1neamente. Especialmente los inversores extranjeros que desean formar equipos r\u00e1pidamente en diferentes pa\u00edses; eval\u00faan m\u00e1s frecuentemente los modelos de \u201calquiler de personal\u201d (employee leasing \/ temporary staffing) para iniciar operaciones sin establecer una empresa local, gestionar las obligaciones de n\u00f3mina y seguridad social sin riesgos y evitar sanciones en el derecho laboral.<\/p>\n<p>Aunque los principios son similares en toda la UE, la aplicaci\u00f3n var\u00eda seg\u00fan el pa\u00eds: detalles como qu\u00e9 contratos son obligatorios, qui\u00e9n asume la responsabilidad del empleador, los procedimientos de despido y los procesos de permisos de trabajo para empleados extranjeros crean diferencias cr\u00edticas. En este art\u00edculo, abordamos paso a paso la <strong>estructura legal y la arquitectura contractual<\/strong> en el alquiler de personal extranjero, centr\u00e1ndonos en el cumplimiento, el riesgo y la gesti\u00f3n de procesos.<\/p>\n<h2>Necesidad y problema: Riesgos de la contrataci\u00f3n de extranjeros sin establecer una empresa local<\/h2>\n<p>Las empresas extranjeras, al ingresar a un nuevo mercado, a menudo adoptan el enfoque de \u201cprimero formemos el equipo y avancemos en el campo\u201d. Sin embargo, en la UE (y en empresas que operan con la UE), el <strong>cumplimiento de la fuerza laboral<\/strong> no se limita a la n\u00f3mina; una relaci\u00f3n laboral mal estructurada puede dar lugar a los siguientes resultados:<\/p>\n<ul>\n<li><strong>Riesgo de clasificaci\u00f3n incorrecta:<\/strong> Si una relaci\u00f3n estructurada como freelance se convierte en una relaci\u00f3n laboral real, pueden surgir primas\/impuestos y sanciones retroactivas.<\/li>\n<li><strong>Disputas de despido:<\/strong> La falta de procedimientos adecuados en t\u00e9rminos de plazos de notificaci\u00f3n, indemnizaci\u00f3n por despido, y derechos de vacaciones aumenta el riesgo de litigios.<\/li>\n<li><strong>Conformidad de permisos de trabajo y residencia:<\/strong> El trabajo de personal extranjero sin permiso de trabajo puede llevar a sanciones severas.<\/li>\n<li><strong>Problema del contrato tipo:<\/strong> Los contratos tipo globales pueden entrar en conflicto con las disposiciones imperativas de la legislaci\u00f3n laboral local.<\/li>\n<\/ul>\n<p>En este punto, el modelo de alquiler de personal busca reducir el riesgo al permitir que el control operativo permanezca en sus manos, mientras que las obligaciones de n\u00f3mina y \u201cempleador legal\u201d se gestionan a trav\u00e9s de una estructura local experta.<\/p>\n<h2>Modelo de alquiler de personal: \u00bfC\u00f3mo se establece la estructura legal?<\/h2>\n<p>En el ejemplo de aplicaci\u00f3n de los datos de investigaci\u00f3n (la estructura pr\u00e1ctica descrita a trav\u00e9s de Turqu\u00eda es un modelo com\u00fan a nivel internacional), el r\u00e9gimen de alquiler de personal se basa en <strong>dos contratos separados<\/strong>. La l\u00f3gica aqu\u00ed es clara: se separa \u201cla empleabilidad\u201d de \u201clas instrucciones diarias de trabajo\/gesti\u00f3n de operaciones\u201d.<\/p>\n<h3>1) Contrato de servicio entre la empresa cliente y la empresa de leasing<\/h3>\n<p>Se firma un <strong>contrato de servicio<\/strong> entre la empresa cliente extranjera y el proveedor de alquiler\/empleo de personal. Este contrato define claramente las siguientes responsabilidades de la empresa de leasing:<\/p>\n<ul>\n<li><strong>Gesti\u00f3n de n\u00f3mina<\/strong>, pagos de salarios y deducciones legales<\/li>\n<li><strong>Retenciones fiscales<\/strong> y obligaciones de informes<\/li>\n<li><strong>Registros de seguridad social<\/strong> y procesos de primas<\/li>\n<li><strong>Beneficios<\/strong> y paquetes de beneficios conforme a la normativa<\/li>\n<li>Gesti\u00f3n de contratos, archivos personales, pol\u00edticas y registros conforme al derecho laboral<\/li>\n<\/ul>\n<p>Esta estructura no \u201celimina\u201d las obligaciones del derecho laboral de la empresa extranjera; sin embargo, facilita claramente la gesti\u00f3n del riesgo legal. La correcta estructuraci\u00f3n del contrato es crucial en las auditor\u00edas de inspecci\u00f3n laboral y en posibles disputas.<\/p>\n<h3>2) Contrato de trabajo individual entre el empleado y la empresa de leasing<\/h3>\n<p>Aunque el empleado realiza su trabajo diario bajo la direcci\u00f3n de la empresa cliente, como <strong>empleador oficial<\/strong> es la empresa de leasing con la que firma el contrato de trabajo individual. Este contrato t\u00edpicamente incluye los siguientes puntos:<\/p>\n<ul>\n<li>Descripci\u00f3n del trabajo y lealtad<\/li>\n<li>Horas de trabajo, principios de horas extras<\/li>\n<li>Salario, primas y beneficios<\/li>\n<li>Vacaciones anuales, ausencias y procesos disciplinarios<\/li>\n<li>Resoluci\u00f3n de disputas y disposiciones de despido<\/li>\n<\/ul>\n<p>La estructura de doble contrato es la arquitectura fundamental que reduce el riesgo y la incertidumbre del empleador, especialmente en estructuras que tienen como objetivo \u201ccontratar sin establecer una empresa local\u201d.<\/p>\n<h2>Cumplimiento b\u00e1sico para empleados extranjeros: Obligaci\u00f3n de permiso de trabajo<\/h2>\n<p>Aunque el modelo de alquiler de personal proporciona \u201ccontrataci\u00f3n r\u00e1pida\u201d, no elimina los requisitos de <strong>permiso de trabajo<\/strong>. Los datos de investigaci\u00f3n enfatizan claramente que los empleados extranjeros deben obtener un permiso de trabajo de la autoridad competente antes de ser contratados. Ya sea que el modelo se establezca mediante empleo directo o alquiler; <strong>trabajar sin permiso de trabajo<\/strong> conlleva sanciones legales y administrativas.<\/p>\n<p>En la pr\u00e1ctica, las empresas de leasing a menudo asumen el proceso de permisos; sin embargo, la empresa cliente tambi\u00e9n debe verificar que el proceso avanza correctamente. Porque la falta de cumplimiento no solo pone en riesgo al empleador, sino tambi\u00e9n las entregas de proyectos y la continuidad comercial.<\/p>\n<h2>Despido y plazos de notificaci\u00f3n: El \u00e1rea que m\u00e1s genera disputas<\/h2>\n<p>Uno de los errores m\u00e1s comunes en la gesti\u00f3n de equipos internacionales es la actitud de \u201cas\u00ed se hace en nuestro pa\u00eds\u201d en los procedimientos de despido. Sin embargo, como se destaca en los datos de investigaci\u00f3n, la legislaci\u00f3n laboral local a menudo contiene disposiciones <strong>imperativas<\/strong> y los tribunales valoran especialmente la documentaci\u00f3n y el cumplimiento de los procedimientos.<\/p>\n<h3>Obligaci\u00f3n de notificaci\u00f3n despu\u00e9s del per\u00edodo de prueba<\/h3>\n<p>Seg\u00fan los datos de investigaci\u00f3n, el despido durante el per\u00edodo de prueba es m\u00e1s flexible; despu\u00e9s del per\u00edodo de prueba, se plantean <strong>plazos m\u00ednimos de notificaci\u00f3n<\/strong> o indemnizaci\u00f3n por despido seg\u00fan la antig\u00fcedad del empleado. Ejemplos de plazos de notificaci\u00f3n son los siguientes:<\/p>\n<ul>\n<li><strong>1\u20135 a\u00f1os de antig\u00fcedad:<\/strong> 14 d\u00edas<\/li>\n<li><strong>5\u201315 a\u00f1os de antig\u00fcedad:<\/strong> 20 d\u00edas<\/li>\n<li><strong>15+ a\u00f1os de antig\u00fcedad:<\/strong> 26 d\u00edas<\/li>\n<\/ul>\n<p>Adem\u00e1s, hay una nota especial que establece que el plazo m\u00ednimo para empleados menores de 18 a\u00f1os o mayores de 50 a\u00f1os es de 20 d\u00edas. Tambi\u00e9n es cr\u00edtico el cumplimiento de la <strong>obligaci\u00f3n de pago de las vacaciones anuales no utilizadas<\/strong> al momento del despido.<\/p>\n<h3>\u00bfPor qu\u00e9 es tan importante?<\/h3>\n<p>Porque los procesos de despido incluyen un flujo muy fragmentado que abarca el cierre de n\u00f3mina, la salida de seguridad social, el c\u00e1lculo de vacaciones\/primas y la documentaci\u00f3n de la raz\u00f3n del despido. En el modelo de leasing, estos procesos son gestionados por la empresa de leasing en calidad de empleador legal; la empresa cliente debe apoyar el proceso documentando correctamente la raz\u00f3n, el registro de desempe\u00f1o y las necesidades del proyecto.<\/p>\n<h2>Riesgos de cumplimiento: \u00bfQu\u00e9 puede \u201cexternalizar\u201d y qu\u00e9 no?<\/h2>\n<p>El alquiler de personal delega las obligaciones a una estructura profesional; sin embargo, no elimina completamente algunos elementos de riesgo. En los datos de investigaci\u00f3n, se destaca especialmente la advertencia: <strong>Las empresas extranjeras no pueden avanzar con plantillas globales<\/strong>; la legislaci\u00f3n laboral local exige cumplimiento local en \u00e1reas como clasificaci\u00f3n (empleado vs contratista) y procedimientos de despido.<\/p>\n<ul>\n<li><strong>La gesti\u00f3n operativa queda en sus manos:<\/strong> Las instrucciones diarias de trabajo, objetivos, evaluaci\u00f3n del desempe\u00f1o y gesti\u00f3n de proyectos permanecen en la empresa cliente.<\/li>\n<li><strong>Las obligaciones del empleador est\u00e1n en la empresa de leasing:<\/strong> N\u00f3mina, deducciones legales, beneficios, archivos personales, cumplimiento de contratos.<\/li>\n<li><strong>\u00c1rea de responsabilidad compartida:<\/strong> Verificaci\u00f3n de permisos de trabajo, correspondencia de las pr\u00e1cticas de salud y seguridad en el campo, privacidad de datos y capacitaciones de cumplimiento.<\/li>\n<\/ul>\n<h2>Dimensi\u00f3n de costos y fiscales: Consideraciones en modelos de n\u00f3mina\/EOR y \u201ctrabajador destacado\u201d<\/h2>\n<p>Una de las principales razones por las que los modelos de alquiler de personal y EOR (Employer of Record) se han popularizado en la UE es la reducci\u00f3n de <strong>los costos iniciales<\/strong> y el <strong>tiempo de establecimiento<\/strong>. En lugar de establecer una empresa local, llevar a cabo la contabilidad y cumplir con las obligaciones de informes continuos; la gesti\u00f3n de procesos de n\u00f3mina y empleo a trav\u00e9s de una sola factura y un solo proveedor facilita la planificaci\u00f3n.<\/p>\n<p>Sin embargo, al buscar la optimizaci\u00f3n fiscal, es necesario trazar la l\u00ednea correctamente. Especialmente en escenarios como \u201ctrabajador destacado\u201d (posted worker):<\/p>\n<ul>\n<li>El pa\u00eds de trabajo efectivo del empleado y los per\u00edodos deben ser rastreados correctamente.<\/li>\n<li>Los riesgos de \u201clugar de trabajo\u201d\/\u201cestablecimiento permanente\u201d en seguridad social, impuesto sobre la renta y derecho laboral deben ser evaluados adicionalmente.<\/li>\n<li>La documentaci\u00f3n interna (cartas de asignaci\u00f3n, alcance del proyecto, duraci\u00f3n, informes) debe mantenerse de manera que resista auditor\u00edas.<\/li>\n<\/ul>\n<p>Dado que estas evaluaciones var\u00edan de un pa\u00eds a otro, lo m\u00e1s saludable es avanzar con un marco legal y fiscal espec\u00edfico para el pa\u00eds objetivo en lugar de actuar con una \u201cregla general\u201d.<\/p>\n<h2>\u00bfC\u00f3mo se gestiona el proceso? Marco de buenas pr\u00e1cticas paso a paso<\/h2>\n<p>Para aplicar el modelo de alquiler de personal extranjero de manera segura en la UE, el siguiente flujo ofrece el marco m\u00e1s pr\u00e1ctico en el campo:<\/p>\n<ul>\n<li><strong>An\u00e1lisis de necesidades:<\/strong> Se clarifican el rol, la ubicaci\u00f3n, el modelo de trabajo (remoto\/h\u00edbrido\/oficina), la duraci\u00f3n y el presupuesto.<\/li>\n<li><strong>Selecci\u00f3n del modelo:<\/strong> Se determina si es m\u00e1s adecuado EOR\/alquiler de personal, establecimiento local o asignaci\u00f3n de trabajador destacado.<\/li>\n<li><strong>Arquitectura del contrato:<\/strong> Contrato de servicio + contrato de trabajo individual; se estructura junto con disposiciones de confidencialidad, propiedad intelectual, protecci\u00f3n de datos y competencia.<\/li>\n<li><strong>Permisos y registros:<\/strong> Se completan el permiso de trabajo\/residencia, los registros de seguridad social y la configuraci\u00f3n de n\u00f3mina.<\/li>\n<li><strong>Operaci\u00f3n y cumplimiento:<\/strong> Se gestionan los procesos de hoja de tiempo, gastos, permisos, desempe\u00f1o y salud y seguridad en el trabajo.<\/li>\n<li><strong>Escenarios de salida:<\/strong> Se gestionan de manera adecuada los plazos de notificaci\u00f3n, las reclamaciones de vacaciones anuales, la entrega y los procedimientos de justificaci\u00f3n de despido.<\/li>\n<\/ul>\n<h2>Perspectiva de Corpenza: \u00bfPor qu\u00e9 es cr\u00edtica la asistencia profesional en movilidad internacional y cumplimiento de n\u00f3mina?<\/h2>\n<p>El alquiler de personal, a primera vista, puede parecer una \u201csoluci\u00f3n f\u00e1cil\u201d; sin embargo, si no se gestiona correctamente la selecci\u00f3n del proveedor, el cumplimiento de los contratos con la normativa local, los procesos de permisos de los empleados extranjeros y los efectos fiscales\/SGK en m\u00faltiples pa\u00edses, la ventaja puede convertirse r\u00e1pidamente en riesgo.<\/p>\n<p>Corpenza aborda \u00e1reas de servicio como <strong>internacionalizaci\u00f3n de empresas<\/strong>, <strong>permisos de residencia\/trabajo<\/strong>, <strong>contabilidad y n\u00f3mina global<\/strong>, <strong>EOR y alquiler de personal<\/strong> y <strong>optimizaci\u00f3n fiscal con el modelo de trabajador destacado<\/strong> bajo un enfoque de una sola plataforma. Este enfoque proporciona a los tomadores de decisiones un marco manejable no solo para \u201ccontrataci\u00f3n\u201d, sino tambi\u00e9n para los aspectos de <strong>costos, cumplimiento, resistencia a auditor\u00edas y estrategia de crecimiento<\/strong> que afectan directamente la contrataci\u00f3n.<\/p>\n<p>Particularmente en empresas que crecen en varios pa\u00edses de la UE, dado que cada pa\u00eds tiene diferentes realidades de derecho laboral y n\u00f3mina; es determinante estructurar los procesos de extremo a extremo, establecer correctamente la arquitectura del contrato y gestionar la movilidad (residencia\/permisos) sincronizadamente con la n\u00f3mina en t\u00e9rminos de sostenibilidad.<\/p>\n<h2>Conclusi\u00f3n: Es posible gestionar el r\u00e1pido crecimiento y el cumplimiento normativo simult\u00e1neamente<\/h2>\n<p>El alquiler de personal extranjero en la UE es una herramienta poderosa para la entrada al mercado sin establecer una empresa local, la escalabilidad r\u00e1pida y la gesti\u00f3n profesional del cumplimiento de n\u00f3mina. Sin embargo, la generaci\u00f3n de valor del modelo depende de la correcta estructuraci\u00f3n de la <strong>estructura de doble contrato<\/strong>, la finalizaci\u00f3n completa del <strong>cumplimiento de permisos de trabajo\/residencia<\/strong> y, especialmente, la ejecuci\u00f3n conforme a la legislaci\u00f3n local de \u00e1reas sensibles como <strong>plazos de despido y notificaci\u00f3n<\/strong>.<\/p>\n<p>En este contexto, en lugar de gestionar los requisitos que var\u00edan de un pa\u00eds a otro con un solo est\u00e1ndar, dise\u00f1ar un proceso estructurado seg\u00fan la legislaci\u00f3n y pr\u00e1ctica laboral del pa\u00eds objetivo es el camino m\u00e1s seguro.<\/p>\n<h2>Descargo de responsabilidad<\/h2>\n<p>Este contenido ha sido preparado con fines informativos generales; no tiene car\u00e1cter de <strong>asesor\u00eda legal, financiera o fiscal<\/strong>. La normativa y las pr\u00e1cticas pueden variar seg\u00fan el pa\u00eds, el sector y el caso concreto; adem\u00e1s, pueden actualizarse con el tiempo. Se recomienda verificar las regulaciones actuales de las autoridades oficiales y obtener <strong>asistencia de consultores legales y financieros especializados<\/strong> para una evaluaci\u00f3n adecuada de su proceso.<\/p>\n<\/div>\n<p><!-- .vgblk-rw-wrapper --><\/p>\n","protected":false},"excerpt":{"rendered":"<p>Gu\u00eda sobre procesos legales, regulaciones y cumplimiento en el alquiler de personal extranjero en la UE.<\/p>\n","protected":false},"author":1,"featured_media":994446,"comment_status":"open","ping_status":"open","sticky":false,"template":"","format":"standard","meta":{"footnotes":""},"categories":[47],"tags":[],"class_list":["post-994925","post","type-post","status-publish","format-standard","has-post-thumbnail","hentry","category-payroll-gecici-istihdam"],"yoast_head":"<!-- This site is optimized with the Yoast SEO plugin v27.2 - https:\/\/yoast.com\/product\/yoast-seo-wordpress\/ -->\n<title>Pr\u00e1cticas legales en el alquiler de personal extranjero en la UE - Corpenza - Soluciones Globales Sin Fronteras<\/title>\n<meta name=\"description\" content=\"Gu\u00eda sobre procesos legales, regulaciones y cumplimiento en el alquiler de personal extranjero en la UE.\" \/>\n<meta name=\"robots\" content=\"index, follow, max-snippet:-1, max-image-preview:large, max-video-preview:-1\" \/>\n<link rel=\"canonical\" href=\"https:\/\/corpenza.com\/es\/practicas-legales-en-el-alquiler-de-personal-extranjero-en-la-ue\/\" \/>\n<meta property=\"og:locale\" content=\"es_ES\" \/>\n<meta property=\"og:type\" content=\"article\" \/>\n<meta property=\"og:title\" content=\"Pr\u00e1cticas legales en el alquiler de personal extranjero en la UE - Corpenza - Soluciones Globales Sin Fronteras\" \/>\n<meta property=\"og:description\" content=\"Gu\u00eda sobre procesos legales, regulaciones y cumplimiento en el alquiler de personal extranjero en la UE.\" \/>\n<meta property=\"og:url\" content=\"https:\/\/corpenza.com\/es\/practicas-legales-en-el-alquiler-de-personal-extranjero-en-la-ue\/\" \/>\n<meta property=\"og:site_name\" content=\"Corpenza - Soluciones Globales Sin Fronteras\" \/>\n<meta property=\"article:published_time\" content=\"2026-05-03T12:52:24+00:00\" \/>\n<meta property=\"og:image\" content=\"https:\/\/corpenza.com\/wp-content\/uploads\/2026\/04\/ABde-Yabanci-Personeli-Kiralanmasinda-Yasal-Uygulamalar.avif\" \/>\n\t<meta property=\"og:image:width\" content=\"1536\" \/>\n\t<meta property=\"og:image:height\" content=\"1024\" \/>\n\t<meta property=\"og:image:type\" content=\"image\/png\" \/>\n<meta name=\"author\" content=\"Av. Berk T\u00fczel\" \/>\n<meta name=\"twitter:card\" content=\"summary_large_image\" \/>\n<meta name=\"twitter:label1\" content=\"Escrito por\" \/>\n\t<meta name=\"twitter:data1\" content=\"Av. Berk T\u00fczel\" \/>\n\t<meta name=\"twitter:label2\" content=\"Tiempo de lectura\" \/>\n\t<meta name=\"twitter:data2\" content=\"11 minutos\" \/>\n<script type=\"application\/ld+json\" class=\"yoast-schema-graph\">{\"@context\":\"https:\/\/schema.org\",\"@graph\":[{\"@type\":\"Article\",\"@id\":\"https:\/\/corpenza.com\/es\/practicas-legales-en-el-alquiler-de-personal-extranjero-en-la-ue\/#article\",\"isPartOf\":{\"@id\":\"https:\/\/corpenza.com\/es\/practicas-legales-en-el-alquiler-de-personal-extranjero-en-la-ue\/\"},\"author\":{\"name\":\"Av. Berk T\u00fczel\",\"@id\":\"https:\/\/corpenza.com\/es\/#\/schema\/person\/315b2d32ed32ae973df7d7f617285a4f\"},\"headline\":\"Pr\u00e1cticas legales en el alquiler de personal extranjero en la UE\",\"datePublished\":\"2026-05-03T12:52:24+00:00\",\"mainEntityOfPage\":{\"@id\":\"https:\/\/corpenza.com\/es\/practicas-legales-en-el-alquiler-de-personal-extranjero-en-la-ue\/\"},\"wordCount\":2176,\"commentCount\":0,\"publisher\":{\"@id\":\"https:\/\/corpenza.com\/es\/#organization\"},\"image\":{\"@id\":\"https:\/\/corpenza.com\/es\/practicas-legales-en-el-alquiler-de-personal-extranjero-en-la-ue\/#primaryimage\"},\"thumbnailUrl\":\"https:\/\/corpenza.com\/wp-content\/uploads\/2026\/04\/ABde-Yabanci-Personeli-Kiralanmasinda-Yasal-Uygulamalar.avif\",\"articleSection\":[\"Payroll - Ge\u00e7ici \u0130stihdam\"],\"inLanguage\":\"es\",\"potentialAction\":[{\"@type\":\"CommentAction\",\"name\":\"Comment\",\"target\":[\"https:\/\/corpenza.com\/es\/practicas-legales-en-el-alquiler-de-personal-extranjero-en-la-ue\/#respond\"]}]},{\"@type\":\"WebPage\",\"@id\":\"https:\/\/corpenza.com\/es\/practicas-legales-en-el-alquiler-de-personal-extranjero-en-la-ue\/\",\"url\":\"https:\/\/corpenza.com\/es\/practicas-legales-en-el-alquiler-de-personal-extranjero-en-la-ue\/\",\"name\":\"Pr\u00e1cticas legales en el alquiler de personal extranjero en la UE - Corpenza - Soluciones Globales Sin Fronteras\",\"isPartOf\":{\"@id\":\"https:\/\/corpenza.com\/es\/#website\"},\"primaryImageOfPage\":{\"@id\":\"https:\/\/corpenza.com\/es\/practicas-legales-en-el-alquiler-de-personal-extranjero-en-la-ue\/#primaryimage\"},\"image\":{\"@id\":\"https:\/\/corpenza.com\/es\/practicas-legales-en-el-alquiler-de-personal-extranjero-en-la-ue\/#primaryimage\"},\"thumbnailUrl\":\"https:\/\/corpenza.com\/wp-content\/uploads\/2026\/04\/ABde-Yabanci-Personeli-Kiralanmasinda-Yasal-Uygulamalar.avif\",\"datePublished\":\"2026-05-03T12:52:24+00:00\",\"description\":\"Gu\u00eda sobre procesos legales, regulaciones y cumplimiento en el alquiler de personal extranjero en la UE.\",\"breadcrumb\":{\"@id\":\"https:\/\/corpenza.com\/es\/practicas-legales-en-el-alquiler-de-personal-extranjero-en-la-ue\/#breadcrumb\"},\"inLanguage\":\"es\",\"potentialAction\":[{\"@type\":\"ReadAction\",\"target\":[\"https:\/\/corpenza.com\/es\/practicas-legales-en-el-alquiler-de-personal-extranjero-en-la-ue\/\"]}]},{\"@type\":\"ImageObject\",\"inLanguage\":\"es\",\"@id\":\"https:\/\/corpenza.com\/es\/practicas-legales-en-el-alquiler-de-personal-extranjero-en-la-ue\/#primaryimage\",\"url\":\"https:\/\/corpenza.com\/wp-content\/uploads\/2026\/04\/ABde-Yabanci-Personeli-Kiralanmasinda-Yasal-Uygulamalar.avif\",\"contentUrl\":\"https:\/\/corpenza.com\/wp-content\/uploads\/2026\/04\/ABde-Yabanci-Personeli-Kiralanmasinda-Yasal-Uygulamalar.avif\",\"width\":1536,\"height\":1024,\"caption\":\"AB'de Yabanc\u0131 Personeli Kiralanmas\u0131nda Yasal Uygulamalar\"},{\"@type\":\"BreadcrumbList\",\"@id\":\"https:\/\/corpenza.com\/es\/practicas-legales-en-el-alquiler-de-personal-extranjero-en-la-ue\/#breadcrumb\",\"itemListElement\":[{\"@type\":\"ListItem\",\"position\":1,\"name\":\"Inicio\",\"item\":\"https:\/\/corpenza.com\/es\/\"},{\"@type\":\"ListItem\",\"position\":2,\"name\":\"Pr\u00e1cticas legales en el alquiler de personal extranjero en la UE\"}]},{\"@type\":\"WebSite\",\"@id\":\"https:\/\/corpenza.com\/es\/#website\",\"url\":\"https:\/\/corpenza.com\/es\/\",\"name\":\"Corpenza - Soluciones Globales Sin Fronteras\",\"description\":\"Corpenza ofrece servicios de permisos de residencia, constituci\u00f3n de empresas, visados dorados, contabilidad y n\u00f3minas a inversores, emprendedores y empleados.\",\"publisher\":{\"@id\":\"https:\/\/corpenza.com\/es\/#organization\"},\"potentialAction\":[{\"@type\":\"SearchAction\",\"target\":{\"@type\":\"EntryPoint\",\"urlTemplate\":\"https:\/\/corpenza.com\/es\/?s={search_term_string}\"},\"query-input\":{\"@type\":\"PropertyValueSpecification\",\"valueRequired\":true,\"valueName\":\"search_term_string\"}}],\"inLanguage\":\"es\"},{\"@type\":\"Organization\",\"@id\":\"https:\/\/corpenza.com\/es\/#organization\",\"name\":\"Corpenza - Soluciones Globales Sin Fronteras\",\"url\":\"https:\/\/corpenza.com\/es\/\",\"logo\":{\"@type\":\"ImageObject\",\"inLanguage\":\"es\",\"@id\":\"https:\/\/corpenza.com\/es\/#\/schema\/logo\/image\/\",\"url\":\"https:\/\/corpenza.com\/wp-content\/uploads\/2025\/10\/logo-light.svg\",\"contentUrl\":\"https:\/\/corpenza.com\/wp-content\/uploads\/2025\/10\/logo-light.svg\",\"width\":117,\"height\":40,\"caption\":\"Corpenza - Soluciones Globales Sin Fronteras\"},\"image\":{\"@id\":\"https:\/\/corpenza.com\/es\/#\/schema\/logo\/image\/\"}},{\"@type\":\"Person\",\"@id\":\"https:\/\/corpenza.com\/es\/#\/schema\/person\/315b2d32ed32ae973df7d7f617285a4f\",\"name\":\"Av. Berk T\u00fczel\",\"description\":\"2017'den bu yana yat\u0131r\u0131mc\u0131 ve giri\u015fimcilerin yurtd\u0131\u015f\u0131 s\u00fcre\u00e7lerinin planlamas\u0131nda rol al\u0131yorum.\",\"sameAs\":[\"https:\/\/corpenza.com\",\"https:\/\/www.linkedin.com\/in\/berk-tuzel\/\"],\"url\":\"https:\/\/corpenza.com\/es\/author\/tuzelberk\/\"}]}<\/script>\n<!-- \/ Yoast SEO plugin. -->","yoast_head_json":{"title":"Pr\u00e1cticas legales en el alquiler de personal extranjero en la UE - Corpenza - Soluciones Globales Sin Fronteras","description":"Gu\u00eda sobre procesos legales, regulaciones y cumplimiento en el alquiler de personal extranjero en la UE.","robots":{"index":"index","follow":"follow","max-snippet":"max-snippet:-1","max-image-preview":"max-image-preview:large","max-video-preview":"max-video-preview:-1"},"canonical":"https:\/\/corpenza.com\/es\/practicas-legales-en-el-alquiler-de-personal-extranjero-en-la-ue\/","og_locale":"es_ES","og_type":"article","og_title":"Pr\u00e1cticas legales en el alquiler de personal extranjero en la UE - Corpenza - Soluciones Globales Sin Fronteras","og_description":"Gu\u00eda sobre procesos legales, regulaciones y cumplimiento en el alquiler de personal extranjero en la UE.","og_url":"https:\/\/corpenza.com\/es\/practicas-legales-en-el-alquiler-de-personal-extranjero-en-la-ue\/","og_site_name":"Corpenza - Soluciones Globales Sin Fronteras","article_published_time":"2026-05-03T12:52:24+00:00","og_image":[{"width":1536,"height":1024,"url":"https:\/\/corpenza.com\/wp-content\/uploads\/2026\/04\/ABde-Yabanci-Personeli-Kiralanmasinda-Yasal-Uygulamalar.avif","type":"image\/png"}],"author":"Av. Berk T\u00fczel","twitter_card":"summary_large_image","twitter_misc":{"Escrito por":"Av. Berk T\u00fczel","Tiempo de lectura":"11 minutos"},"schema":{"@context":"https:\/\/schema.org","@graph":[{"@type":"Article","@id":"https:\/\/corpenza.com\/es\/practicas-legales-en-el-alquiler-de-personal-extranjero-en-la-ue\/#article","isPartOf":{"@id":"https:\/\/corpenza.com\/es\/practicas-legales-en-el-alquiler-de-personal-extranjero-en-la-ue\/"},"author":{"name":"Av. Berk T\u00fczel","@id":"https:\/\/corpenza.com\/es\/#\/schema\/person\/315b2d32ed32ae973df7d7f617285a4f"},"headline":"Pr\u00e1cticas legales en el alquiler de personal extranjero en la UE","datePublished":"2026-05-03T12:52:24+00:00","mainEntityOfPage":{"@id":"https:\/\/corpenza.com\/es\/practicas-legales-en-el-alquiler-de-personal-extranjero-en-la-ue\/"},"wordCount":2176,"commentCount":0,"publisher":{"@id":"https:\/\/corpenza.com\/es\/#organization"},"image":{"@id":"https:\/\/corpenza.com\/es\/practicas-legales-en-el-alquiler-de-personal-extranjero-en-la-ue\/#primaryimage"},"thumbnailUrl":"https:\/\/corpenza.com\/wp-content\/uploads\/2026\/04\/ABde-Yabanci-Personeli-Kiralanmasinda-Yasal-Uygulamalar.avif","articleSection":["Payroll - Ge\u00e7ici \u0130stihdam"],"inLanguage":"es","potentialAction":[{"@type":"CommentAction","name":"Comment","target":["https:\/\/corpenza.com\/es\/practicas-legales-en-el-alquiler-de-personal-extranjero-en-la-ue\/#respond"]}]},{"@type":"WebPage","@id":"https:\/\/corpenza.com\/es\/practicas-legales-en-el-alquiler-de-personal-extranjero-en-la-ue\/","url":"https:\/\/corpenza.com\/es\/practicas-legales-en-el-alquiler-de-personal-extranjero-en-la-ue\/","name":"Pr\u00e1cticas legales en el alquiler de personal extranjero en la UE - Corpenza - Soluciones Globales Sin Fronteras","isPartOf":{"@id":"https:\/\/corpenza.com\/es\/#website"},"primaryImageOfPage":{"@id":"https:\/\/corpenza.com\/es\/practicas-legales-en-el-alquiler-de-personal-extranjero-en-la-ue\/#primaryimage"},"image":{"@id":"https:\/\/corpenza.com\/es\/practicas-legales-en-el-alquiler-de-personal-extranjero-en-la-ue\/#primaryimage"},"thumbnailUrl":"https:\/\/corpenza.com\/wp-content\/uploads\/2026\/04\/ABde-Yabanci-Personeli-Kiralanmasinda-Yasal-Uygulamalar.avif","datePublished":"2026-05-03T12:52:24+00:00","description":"Gu\u00eda sobre procesos legales, regulaciones y cumplimiento en el alquiler de personal extranjero en la UE.","breadcrumb":{"@id":"https:\/\/corpenza.com\/es\/practicas-legales-en-el-alquiler-de-personal-extranjero-en-la-ue\/#breadcrumb"},"inLanguage":"es","potentialAction":[{"@type":"ReadAction","target":["https:\/\/corpenza.com\/es\/practicas-legales-en-el-alquiler-de-personal-extranjero-en-la-ue\/"]}]},{"@type":"ImageObject","inLanguage":"es","@id":"https:\/\/corpenza.com\/es\/practicas-legales-en-el-alquiler-de-personal-extranjero-en-la-ue\/#primaryimage","url":"https:\/\/corpenza.com\/wp-content\/uploads\/2026\/04\/ABde-Yabanci-Personeli-Kiralanmasinda-Yasal-Uygulamalar.avif","contentUrl":"https:\/\/corpenza.com\/wp-content\/uploads\/2026\/04\/ABde-Yabanci-Personeli-Kiralanmasinda-Yasal-Uygulamalar.avif","width":1536,"height":1024,"caption":"AB'de Yabanc\u0131 Personeli Kiralanmas\u0131nda Yasal Uygulamalar"},{"@type":"BreadcrumbList","@id":"https:\/\/corpenza.com\/es\/practicas-legales-en-el-alquiler-de-personal-extranjero-en-la-ue\/#breadcrumb","itemListElement":[{"@type":"ListItem","position":1,"name":"Inicio","item":"https:\/\/corpenza.com\/es\/"},{"@type":"ListItem","position":2,"name":"Pr\u00e1cticas legales en el alquiler de personal extranjero en la UE"}]},{"@type":"WebSite","@id":"https:\/\/corpenza.com\/es\/#website","url":"https:\/\/corpenza.com\/es\/","name":"Corpenza - Soluciones Globales Sin Fronteras","description":"Corpenza ofrece servicios de permisos de residencia, constituci\u00f3n de empresas, visados dorados, contabilidad y n\u00f3minas a inversores, emprendedores y empleados.","publisher":{"@id":"https:\/\/corpenza.com\/es\/#organization"},"potentialAction":[{"@type":"SearchAction","target":{"@type":"EntryPoint","urlTemplate":"https:\/\/corpenza.com\/es\/?s={search_term_string}"},"query-input":{"@type":"PropertyValueSpecification","valueRequired":true,"valueName":"search_term_string"}}],"inLanguage":"es"},{"@type":"Organization","@id":"https:\/\/corpenza.com\/es\/#organization","name":"Corpenza - Soluciones Globales Sin Fronteras","url":"https:\/\/corpenza.com\/es\/","logo":{"@type":"ImageObject","inLanguage":"es","@id":"https:\/\/corpenza.com\/es\/#\/schema\/logo\/image\/","url":"https:\/\/corpenza.com\/wp-content\/uploads\/2025\/10\/logo-light.svg","contentUrl":"https:\/\/corpenza.com\/wp-content\/uploads\/2025\/10\/logo-light.svg","width":117,"height":40,"caption":"Corpenza - Soluciones Globales Sin Fronteras"},"image":{"@id":"https:\/\/corpenza.com\/es\/#\/schema\/logo\/image\/"}},{"@type":"Person","@id":"https:\/\/corpenza.com\/es\/#\/schema\/person\/315b2d32ed32ae973df7d7f617285a4f","name":"Av. Berk T\u00fczel","description":"2017'den bu yana yat\u0131r\u0131mc\u0131 ve giri\u015fimcilerin yurtd\u0131\u015f\u0131 s\u00fcre\u00e7lerinin planlamas\u0131nda rol al\u0131yorum.","sameAs":["https:\/\/corpenza.com","https:\/\/www.linkedin.com\/in\/berk-tuzel\/"],"url":"https:\/\/corpenza.com\/es\/author\/tuzelberk\/"}]}},"_links":{"self":[{"href":"https:\/\/corpenza.com\/es\/wp-json\/wp\/v2\/posts\/994925","targetHints":{"allow":["GET"]}}],"collection":[{"href":"https:\/\/corpenza.com\/es\/wp-json\/wp\/v2\/posts"}],"about":[{"href":"https:\/\/corpenza.com\/es\/wp-json\/wp\/v2\/types\/post"}],"author":[{"embeddable":true,"href":"https:\/\/corpenza.com\/es\/wp-json\/wp\/v2\/users\/1"}],"replies":[{"embeddable":true,"href":"https:\/\/corpenza.com\/es\/wp-json\/wp\/v2\/comments?post=994925"}],"version-history":[{"count":0,"href":"https:\/\/corpenza.com\/es\/wp-json\/wp\/v2\/posts\/994925\/revisions"}],"wp:featuredmedia":[{"embeddable":true,"href":"https:\/\/corpenza.com\/es\/wp-json\/wp\/v2\/media\/994446"}],"wp:attachment":[{"href":"https:\/\/corpenza.com\/es\/wp-json\/wp\/v2\/media?parent=994925"}],"wp:term":[{"taxonomy":"category","embeddable":true,"href":"https:\/\/corpenza.com\/es\/wp-json\/wp\/v2\/categories?post=994925"},{"taxonomy":"post_tag","embeddable":true,"href":"https:\/\/corpenza.com\/es\/wp-json\/wp\/v2\/tags?post=994925"}],"curies":[{"name":"wp","href":"https:\/\/api.w.org\/{rel}","templated":true}]}}