{"id":990305,"date":"2025-10-14T05:47:31","date_gmt":"2025-10-14T05:47:31","guid":{"rendered":"https:\/\/corpenza.com\/causas-del-aumento-de-la-demanda-de-segunda-ciudadania-en-europa\/"},"modified":"2025-10-14T06:31:41","modified_gmt":"2025-10-14T06:31:41","slug":"causas-del-aumento-de-la-demanda-de-segunda-ciudadania-en-europa","status":"publish","type":"post","link":"https:\/\/corpenza.com\/es\/causas-del-aumento-de-la-demanda-de-segunda-ciudadania-en-europa\/","title":{"rendered":"Causas del aumento de la demanda de segunda ciudadan\u00eda en Europa"},"content":{"rendered":"<div class=\"vgblk-rw-wrapper limit-wrapper\">\n<p>A medida que la incertidumbre y la velocidad crecen simult\u00e1neamente, la estrategia de movilidad global ya no es un lujo, sino una decisi\u00f3n que se encuentra en el centro de la gesti\u00f3n de riesgos. Los emprendedores, inversores y l\u00edderes que gestionan equipos m\u00f3viles; mientras aumentan la libertad de viaje a trav\u00e9s de programas de segunda ciudadan\u00eda y residencia, tambi\u00e9n deben gestionar simult\u00e1neamente la corporativizaci\u00f3n, la n\u00f3mina, los impuestos y las obligaciones de cumplimiento. En este art\u00edculo, abordamos la perspectiva 2025 de los programas de segunda ciudadan\u00eda y permisos de residencia en Europa, junto con la dimensi\u00f3n de la fuerza laboral y la corporativizaci\u00f3n; ofrecemos una hoja de ruta clara con pasos aplicables.<\/p>\n<h2>1) \u00bfQu\u00e9 din\u00e1micas est\u00e1n impulsando la demanda de segunda ciudadan\u00eda en Europa? <\/h2>\n<h3>Movilidad, distribuci\u00f3n de riesgos y gesti\u00f3n de la incertidumbre <\/h3>\n<p>Las fluctuaciones geopol\u00edticas est\u00e1n fomentando la expansi\u00f3n de capital y talento a m\u00faltiples jurisdicciones. Establecer un modelo de vida y trabajo multic\u00e9ntrico ya no es un plan B, sino el plan principal. Los programas de segunda ciudadan\u00eda y residencia constituyen la columna vertebral legal de este modelo.<\/p>\n<ul>\n<li>Acceso m\u00faltiple: La entrada sin visa al \u00e1rea Schengen acelera el tr\u00e1fico de negocios y reuniones.<\/li>\n<li>Distribuci\u00f3n de riesgos: El riesgo pol\u00edtico y fiscal no se limita a un solo pa\u00eds.<\/li>\n<li>Flexibilidad operativa: Surgen opciones alternativas de residencia y trabajo para gerentes y miembros clave del equipo.<\/li>\n<\/ul>\n<h3>Familia, educaci\u00f3n y calidad de vida <\/h3>\n<p>La motivaci\u00f3n familiar se ha vuelto evidente en la demanda de segunda ciudadan\u00eda. Mejorar los est\u00e1ndares de educaci\u00f3n, salud y seguridad para c\u00f3nyuges e hijos acelera la decisi\u00f3n de inversi\u00f3n.<\/p>\n<ul>\n<li>Acceso a la educaci\u00f3n: Acceso a universidades estatales y privadas dentro de la UE en condiciones m\u00e1s favorables.<\/li>\n<li>Planificaci\u00f3n a largo plazo: Opciones de pr\u00e1cticas, permisos de trabajo y opciones de estancia post-graduaci\u00f3n para los ni\u00f1os.<\/li>\n<li>Infraestructura de salud: Acceso amplio a servicios de salud p\u00fablicos y privados.<\/li>\n<\/ul>\n<h3>Protecci\u00f3n del capital y eficiencia fiscal <\/h3>\n<p>La estrategia de residencia y segunda ciudadan\u00eda a trav\u00e9s de la inversi\u00f3n protege el capital cuando se combina con una buena planificaci\u00f3n fiscal. El objetivo principal es establecer una optimizaci\u00f3n transparente y sostenible sin entrar en \u00e1reas grises.<\/p>\n<ul>\n<li>Aplica correctamente los acuerdos para evitar la doble imposici\u00f3n.<\/li>\n<li>Coordina la residencia fiscal, el centro de vida familiar y la gesti\u00f3n efectiva del negocio.<\/li>\n<li>Crea una cesta de pa\u00edses adecuada seg\u00fan los tipos de activos e ingresos.<\/li>\n<\/ul>\n<h2>2) Permiso de residencia y segunda ciudadan\u00eda: \u00bfC\u00f3mo eliges el programa y c\u00f3mo planificas el camino? <\/h2>\n<h3>Visa dorada, residencia a largo plazo y permisos basados en habilidades <\/h3>\n<p>En 2025, la tendencia se desplaza hacia modelos basados en la residencia en lugar de la ciudadan\u00eda directa. Los programas de visa dorada se enfocan m\u00e1s en opciones basadas en fondos, innovaci\u00f3n, donaciones o empleo local en lugar de bienes ra\u00edces. Los permisos basados en habilidades (por ejemplo, la Tarjeta Azul de la UE) ofrecen una alternativa s\u00f3lida para profesionales calificados.<\/p>\n<ul>\n<li>Residencia basada en la inversi\u00f3n: Fondos, bonos del gobierno, inversi\u00f3n institucional, innovaci\u00f3n\/I+D.<\/li>\n<li>Visas para habilidades calificadas: Se vuelven atractivas con umbrales salariales m\u00e1s bajos y procesos acelerados.<\/li>\n<li>Inclusi\u00f3n familiar: Aclara desde el principio las reglas de inclusi\u00f3n de c\u00f3nyuge\/hijos y reagrupaci\u00f3n familiar.<\/li>\n<\/ul>\n<h3>M\u00e9tricas cr\u00edticas al elegir un programa <\/h3>\n<p>La velocidad y el costo por s\u00ed solos no son suficientes. La transici\u00f3n a la ciudadan\u00eda a largo plazo, el impacto fiscal y las condiciones de vida deben estar en el centro de la decisi\u00f3n.<\/p>\n<ul>\n<li>Condiciones de estancia: Ajusta los d\u00edas de estancia f\u00edsica obligatorios a tu calendario.<\/li>\n<li>Retorno de la inversi\u00f3n: Analiza la liquidez y el perfil de riesgo en opciones de fondos y valores.<\/li>\n<li>Idioma e integraci\u00f3n: Planifica con anticipaci\u00f3n los requisitos de idioma e integraci\u00f3n para la transici\u00f3n a la ciudadan\u00eda.<\/li>\n<li>Familia y educaci\u00f3n: Optimiza la selecci\u00f3n del pa\u00eds seg\u00fan la edad de los ni\u00f1os y el plan educativo.<\/li>\n<li>Estrategia de salida: Determina cu\u00e1ndo, c\u00f3mo y a qu\u00e9 costo deshacerte de la inversi\u00f3n.<\/li>\n<\/ul>\n<h3>Hoja de ruta de 12 meses: R\u00e1pida, sin errores, compatible <\/h3>\n<p>Un calendario claro te permite gestionar el proceso con seguridad. Adapta y utiliza el siguiente plan.<\/p>\n<ul>\n<li>Mes 1\u20132: Define la cesta de pa\u00edses objetivo; realiza an\u00e1lisis fiscales y de residencia; aclara el alcance familiar.<\/li>\n<li>Mes 2\u20133: Identifica fuentes y documenta el origen de los fondos; prepara el archivo KYC\/AML.<\/li>\n<li>Mes 3\u20134: Solicitud del programa; planificaci\u00f3n de biometr\u00eda y citas.<\/li>\n<li>Mes 4\u20136: Compromisos de inversi\u00f3n; contratos de fondos\/bienes ra\u00edces; seguros y arreglos de alquiler\/alojamiento.<\/li>\n<li>Mes 6\u20139: Tarjeta de residencia; n\u00famero fiscal; arreglos bancarios y de movilidad.<\/li>\n<li>Mes 9\u201312: Seguimiento de d\u00edas de estancia; preparaci\u00f3n de idioma\/integraci\u00f3n; informes anuales y calendario de renovaci\u00f3n.<\/li>\n<\/ul>\n<p>Corpenza integra estos pasos en un solo plan de proyecto; coordina simult\u00e1neamente los flujos de residencia, impuestos e inversi\u00f3n.<\/p>\n<h2>3) Fuerza laboral internacional: EOR\/n\u00f3mina, trabajador desplazado y la correcta configuraci\u00f3n de permisos de trabajo <\/h2>\n<h3>Estableciendo correctamente la estructura legal al formar equipos remotos <\/h3>\n<p>Al expandir equipos remotos o h\u00edbridos, establece una estructura que cumpla con la legislaci\u00f3n laboral y la seguridad social. El modelo de Employer of Record (EOR) y el arrendamiento de personal producen una soluci\u00f3n r\u00e1pida y compatible. Corpenza proporciona arrendamiento de personal en el marco de la agencia de empleo temporal y el trabajador desplazado; gestiona la n\u00f3mina; realiza las notificaciones a las autoridades locales.<\/p>\n<ul>\n<li>Conjunto de contratos: Prepara completamente el contrato laboral local, la confidencialidad, los derechos de propiedad intelectual y las cl\u00e1usulas de competencia.<\/li>\n<li>Dise\u00f1o de roles: Aclara la descripci\u00f3n del trabajo, el lugar de trabajo, el equipo y la seguridad de datos.<\/li>\n<li>Riesgo PE: Eval\u00faa el riesgo de Establecimiento Permanente para cada pa\u00eds.<\/li>\n<\/ul>\n<h3>N\u00f3mina y seguridad social: Lista de verificaci\u00f3n basada en el pa\u00eds <\/h3>\n<p>Los errores en la n\u00f3mina generan sanciones y obligaciones retroactivas. Aplica la siguiente lista de verificaci\u00f3n para cada pa\u00eds.<\/p>\n<ul>\n<li>Obt\u00e9n el n\u00famero de identificaci\u00f3n fiscal y el registro de seguridad social desde el principio.<\/li>\n<li>Incorpora las reglas de salario m\u00ednimo, horas extra, permisos y d\u00edas festivos nacionales en el contrato.<\/li>\n<li>Beneficios: Define claramente las prestaciones, transporte, seguro de salud y contribuciones a pensiones.<\/li>\n<li>Contabilidad: Deduce los costos de n\u00f3mina; compensa y cierra los informes mensualmente.<\/li>\n<li>Protecci\u00f3n de datos: Gestiona el flujo de salarios y datos personales de acuerdo con el GDPR.<\/li>\n<\/ul>\n<p>Corpenza centraliza la contabilidad internacional y las operaciones de n\u00f3mina en un solo panel; las empresas pueden deducir legalmente los salarios de los empleados remotos como gastos bajo contrato.<\/p>\n<h3>Trabajador desplazado (A1), asignaciones a corto plazo y trabajo de campo <\/h3>\n<p>Al realizar asignaciones temporales dentro de la UE, los requisitos del documento A1 y la notificaci\u00f3n previa son de crucial importancia. Si planeas operaciones de campo o trabajo basado en proyectos, completa de antemano los est\u00e1ndares de notificaci\u00f3n y documentaci\u00f3n de cada pa\u00eds.<\/p>\n<ul>\n<li>Notificaci\u00f3n previa: Realiza la notificaci\u00f3n dentro de los plazos que var\u00edan seg\u00fan el sector; designa un representante local.<\/li>\n<li>Documento A1: Confirma la cobertura de seguridad social; programa la extensi\u00f3n del plazo.<\/li>\n<li>Salario y condiciones: Aplica las reglas de salario m\u00ednimo y duraci\u00f3n laboral del pa\u00eds anfitri\u00f3n.<\/li>\n<li>Salud y seguridad laboral: Completa la evaluaci\u00f3n de riesgos y la conformidad del equipo antes de salir al campo.<\/li>\n<\/ul>\n<p>Corpenza prepara el archivo del trabajador desplazado de principio a fin; presenta de inmediato la documentaci\u00f3n solicitada durante la auditor\u00eda.<\/p>\n<h2>4) Corporativizaci\u00f3n y fiscalidad: Optimizaci\u00f3n sostenible en la era BEPS 2.0 <\/h2>\n<h3>Selecci\u00f3n del lugar de establecimiento: Equilibrio entre la UE, el EEE y pa\u00edses terceros <\/h3>\n<p>Al elegir el pa\u00eds de establecimiento, enf\u00f3cate en las necesidades reales del negocio, no solo en la tasa impositiva. El cliente y la cadena de suministro, los datos y la propiedad intelectual, la distribuci\u00f3n del equipo y la intensidad regulatoria determinan la decisi\u00f3n.<\/p>\n<ul>\n<li>Cercan\u00eda al mercado: Acorta el ciclo de ventas posicionando cerca del mercado donde generas ingresos.<\/li>\n<li>RRHH y talento: Eval\u00faa la facilidad de visa\/residencia y el pool de talento.<\/li>\n<li>Infraestructura: Eval\u00faa el acceso a la banca, instituciones de pago y el ecosistema tecnol\u00f3gico.<\/li>\n<\/ul>\n<h3>BEPS 2.0, impuesto m\u00ednimo corporativo y reportes <\/h3>\n<p>A partir de 2024, muchos pa\u00edses de la UE han comenzado a implementar las reglas globales del impuesto m\u00ednimo corporativo. En 2025, el enfoque de auditor\u00eda se centrar\u00e1 en la transparencia y la documentaci\u00f3n. Fortalece tambi\u00e9n tus archivos.<\/p>\n<ul>\n<li>Precios de transferencia: Actualiza el archivo maestro, el archivo pa\u00eds y el an\u00e1lisis de comparabilidad.<\/li>\n<li>CbCR y el alcance de la informaci\u00f3n p\u00fablica; establece un calendario.<\/li>\n<li>Residencia: Documenta d\u00f3nde se lleva a cabo efectivamente la gesti\u00f3n y el control.<\/li>\n<li>Cl\u00e1usula adicional: Utiliza tecnolog\u00eda fiscal para regulaciones h\u00edbridas y reglas de transparencia.<\/li>\n<\/ul>\n<h3>Flujo de caja y herramientas de eficiencia fiscal <\/h3>\n<p>Configura la optimizaci\u00f3n fiscal de manera simple, rastreable y resistente a auditor\u00edas.<\/p>\n<ul>\n<li>Incentivos y reembolsos: Mapea los incentivos para I+D, innovaci\u00f3n y empleo.<\/li>\n<li>Retenciones e IVA: Automatiza las excepciones de exportaci\u00f3n de servicios y los procesos de reembolso de IVA.<\/li>\n<li>Dividendos y licencias: Utiliza acuerdos de doble imposici\u00f3n; simplifica la cadena de distribuci\u00f3n.<\/li>\n<\/ul>\n<p>Corpenza combina procesos de contabilidad internacional y fiscalidad con automatizaci\u00f3n y un equipo de expertos; fortalecer\u00e1s el flujo de caja mientras cumples con las regulaciones.<\/p>\n<h2>5) Agenda 2025: Regulaciones, oportunidades de mercado y plan de acci\u00f3n <\/h2>\n<h3>Radar regulatorio: T\u00edtulos actuales y sus efectos <\/h3>\n<p>Los reg\u00edmenes de migraci\u00f3n y movilidad se est\u00e1n volviendo m\u00e1s transparentes y auditables en 2025. Mientras las instituciones de la UE monitorean de cerca los programas de residencia y ciudadan\u00eda a trav\u00e9s de la inversi\u00f3n, los pa\u00edses est\u00e1n endureciendo los est\u00e1ndares de cumplimiento. La digitalizaci\u00f3n de los sistemas de entrada y salida de Schengen requiere una mejor planificaci\u00f3n para los viajes de negocios. Los pa\u00edses miembros est\u00e1n acelerando la atracci\u00f3n de talento actualizando las reglas de la Tarjeta Azul.<\/p>\n<ul>\n<li>Programas de inversi\u00f3n: A medida que disminuyen las opciones basadas en bienes ra\u00edces, las inversiones en fondos y productivas est\u00e1n ganando protagonismo.<\/li>\n<li>Controles de elegibilidad: Se profundizan los controles sobre el origen de los recursos y la transparencia financiera.<\/li>\n<li>Visas de trabajo: El umbral salarial y los plazos de proceso en el empleo calificado est\u00e1n buscando un equilibrio.<\/li>\n<\/ul>\n<h3>Nuevas oportunidades de mercado: L\u00ednea entre Europa del Sur y Europa Central y del Este <\/h3>\n<p>La calidad de vida y los programas amigables para emprendedores en el sur de Europa; mientras que en Europa Central y del Este, la ventaja de costos y la velocidad son predominantes. Las empresas se est\u00e1n escalando utilizando ambos ejes.<\/p>\n<ul>\n<li>Europa del Sur: Pasa a la solicitud de ciudadan\u00eda a medio plazo con residencia centrada en la familia y inversiones basadas en fondos.<\/li>\n<li>Europa Central\/Del Este: Establece operaciones y back-office a bajo costo; contrata r\u00e1pidamente del pool de talento.<\/li>\n<li>Chipre y centros similares: Equilibra la velocidad y la eficiencia fiscal en la residencia; mant\u00e9n la estructura de holding simple.<\/li>\n<\/ul>\n<h3>Plan de acci\u00f3n claro con Corpenza: Primeros 30 d\u00edas y m\u00e1s all\u00e1 <\/h3>\n<p>Corpenza integra procesos de movilidad, corporativizaci\u00f3n y fuerza laboral en un solo plan de proyecto. Avanzar\u00e1s en los ejes de velocidad, cumplimiento y transparencia.<\/p>\n<ul>\n<li>D\u00eda 1\u201310: Cesta de pa\u00edses objetivo; cumplimiento familiar, fiscal y del plan de negocios; mapa de riesgos.<\/li>\n<li>D\u00eda 11\u201320: Selecci\u00f3n del programa; archivos KYC\/AML y de origen; preparaci\u00f3n de contratos y poderes.<\/li>\n<li>D\u00eda 21\u201330: Solicitudes; compromisos de inversi\u00f3n; banco y n\u00famero fiscal; alojamiento y seguro.<\/li>\n<\/ul>\n<p>Luego, abre los procesos de establecimiento de la empresa, contabilidad internacional, n\u00f3mina y trabajador desplazado; ejecuta la n\u00f3mina localmente; cierra los informes mensuales. Una vez recibidas las tarjetas de residencia, vincula el seguimiento de d\u00edas de estancia y el calendario de renovaci\u00f3n a la automatizaci\u00f3n. Revisa anualmente los requisitos para la transici\u00f3n a la ciudadan\u00eda.<\/p>\n<p>\u00bfQu\u00e9 hace Corpenza? <\/p>\n<ul>\n<li>Residencia y segunda ciudadan\u00eda: Visa dorada, residencia a largo plazo, inclusi\u00f3n familiar y calendarios de renovaci\u00f3n.<\/li>\n<li>Corporativizaci\u00f3n y contabilidad: Establecimiento, banco, registro fiscal, contabilidad mensual y preparaci\u00f3n de auditor\u00eda.<\/li>\n<li>N\u00f3mina y EOR: N\u00f3mina de empleados remotos, gesti\u00f3n de contratos, deducci\u00f3n de gastos e informes.<\/li>\n<li>Arrendamiento de personal y trabajador desplazado: A1, notificaci\u00f3n previa, cumplimiento local y archivo de auditor\u00eda de campo.<\/li>\n<li>Ciudadan\u00eda por inversi\u00f3n y optimizaci\u00f3n fiscal: Estructura transparente y sostenible y cumplimiento de BEPS 2.0.<\/li>\n<\/ul>\n<p>\u00daltima palabra: La estrategia de segunda ciudadan\u00eda y residencia no es solo un \u00abproyecto de pasaporte\u00bb. Si combinas movilidad, fuerza laboral, fiscalidad y cumplimiento en una sola imagen, lograr\u00e1s una vida segura para tu familia, una expansi\u00f3n \u00e1gil para tu empresa y una eficiencia sostenible para tu cartera. Corpenza construye esta imagen juntos en Europa y a nivel global; mide los pasos, reduce riesgos y ahorra tiempo. Haz de 2025 un a\u00f1o de progreso concreto, no solo de preparaci\u00f3n.<\/p>\n<\/div>\n<p><!-- .vgblk-rw-wrapper --><\/p>\n","protected":false},"excerpt":{"rendered":"<p>Explicamos las razones econ\u00f3micas, de seguridad y de calidad de vida detr\u00e1s del aumento de la demanda de segunda ciudadan\u00eda en Europa.<\/p>\n","protected":false},"author":1,"featured_media":990299,"comment_status":"closed","ping_status":"open","sticky":false,"template":"","format":"standard","meta":{"footnotes":""},"categories":[88],"tags":[],"class_list":["post-990305","post","type-post","status-publish","format-standard","has-post-thumbnail","hentry","category-informe"],"yoast_head":"<!-- This site is optimized with the Yoast SEO plugin v27.2 - https:\/\/yoast.com\/product\/yoast-seo-wordpress\/ -->\n<title>Causas del aumento de la demanda de segunda ciudadan\u00eda en Europa - Corpenza - Soluciones Globales Sin Fronteras<\/title>\n<meta name=\"description\" content=\"Explicamos las razones econ\u00f3micas, de seguridad y de calidad de vida detr\u00e1s del aumento de la demanda de segunda ciudadan\u00eda en Europa.\" \/>\n<meta name=\"robots\" content=\"index, follow, max-snippet:-1, max-image-preview:large, max-video-preview:-1\" \/>\n<link rel=\"canonical\" href=\"https:\/\/corpenza.com\/es\/causas-del-aumento-de-la-demanda-de-segunda-ciudadania-en-europa\/\" \/>\n<meta property=\"og:locale\" content=\"es_ES\" \/>\n<meta property=\"og:type\" content=\"article\" \/>\n<meta property=\"og:title\" content=\"Causas del aumento de la demanda de segunda ciudadan\u00eda en Europa - Corpenza - Soluciones Globales Sin Fronteras\" \/>\n<meta property=\"og:description\" content=\"Explicamos las razones econ\u00f3micas, de seguridad y de calidad de vida detr\u00e1s del aumento de la demanda de segunda ciudadan\u00eda en Europa.\" \/>\n<meta property=\"og:url\" content=\"https:\/\/corpenza.com\/es\/causas-del-aumento-de-la-demanda-de-segunda-ciudadania-en-europa\/\" \/>\n<meta property=\"og:site_name\" content=\"Corpenza - Soluciones Globales Sin Fronteras\" \/>\n<meta property=\"article:published_time\" content=\"2025-10-14T05:47:31+00:00\" \/>\n<meta property=\"article:modified_time\" content=\"2025-10-14T06:31:41+00:00\" \/>\n<meta property=\"og:image\" content=\"https:\/\/corpenza.com\/wp-content\/uploads\/2025\/10\/Avrupada-Ikinci-Vatandaslik-Talebinde-Artis-Nedenleri.avif\" \/>\n\t<meta property=\"og:image:width\" content=\"1536\" \/>\n\t<meta property=\"og:image:height\" content=\"1024\" \/>\n\t<meta property=\"og:image:type\" content=\"image\/png\" \/>\n<meta name=\"author\" content=\"Av. Berk T\u00fczel\" \/>\n<meta name=\"twitter:card\" content=\"summary_large_image\" \/>\n<meta name=\"twitter:label1\" content=\"Escrito por\" \/>\n\t<meta name=\"twitter:data1\" content=\"Av. Berk T\u00fczel\" \/>\n\t<meta name=\"twitter:label2\" content=\"Tiempo de lectura\" \/>\n\t<meta name=\"twitter:data2\" content=\"11 minutos\" \/>\n<script type=\"application\/ld+json\" class=\"yoast-schema-graph\">{\"@context\":\"https:\/\/schema.org\",\"@graph\":[{\"@type\":\"Article\",\"@id\":\"https:\/\/corpenza.com\/es\/causas-del-aumento-de-la-demanda-de-segunda-ciudadania-en-europa\/#article\",\"isPartOf\":{\"@id\":\"https:\/\/corpenza.com\/es\/causas-del-aumento-de-la-demanda-de-segunda-ciudadania-en-europa\/\"},\"author\":{\"name\":\"Av. Berk T\u00fczel\",\"@id\":\"https:\/\/corpenza.com\/es\/#\/schema\/person\/315b2d32ed32ae973df7d7f617285a4f\"},\"headline\":\"Causas del aumento de la demanda de segunda ciudadan\u00eda en Europa\",\"datePublished\":\"2025-10-14T05:47:31+00:00\",\"dateModified\":\"2025-10-14T06:31:41+00:00\",\"mainEntityOfPage\":{\"@id\":\"https:\/\/corpenza.com\/es\/causas-del-aumento-de-la-demanda-de-segunda-ciudadania-en-europa\/\"},\"wordCount\":2288,\"publisher\":{\"@id\":\"https:\/\/corpenza.com\/es\/#organization\"},\"image\":{\"@id\":\"https:\/\/corpenza.com\/es\/causas-del-aumento-de-la-demanda-de-segunda-ciudadania-en-europa\/#primaryimage\"},\"thumbnailUrl\":\"https:\/\/corpenza.com\/wp-content\/uploads\/2025\/10\/Avrupada-Ikinci-Vatandaslik-Talebinde-Artis-Nedenleri.avif\",\"articleSection\":[\"Informe\"],\"inLanguage\":\"es\"},{\"@type\":\"WebPage\",\"@id\":\"https:\/\/corpenza.com\/es\/causas-del-aumento-de-la-demanda-de-segunda-ciudadania-en-europa\/\",\"url\":\"https:\/\/corpenza.com\/es\/causas-del-aumento-de-la-demanda-de-segunda-ciudadania-en-europa\/\",\"name\":\"Causas del aumento de la demanda de segunda ciudadan\u00eda en Europa - Corpenza - Soluciones Globales Sin Fronteras\",\"isPartOf\":{\"@id\":\"https:\/\/corpenza.com\/es\/#website\"},\"primaryImageOfPage\":{\"@id\":\"https:\/\/corpenza.com\/es\/causas-del-aumento-de-la-demanda-de-segunda-ciudadania-en-europa\/#primaryimage\"},\"image\":{\"@id\":\"https:\/\/corpenza.com\/es\/causas-del-aumento-de-la-demanda-de-segunda-ciudadania-en-europa\/#primaryimage\"},\"thumbnailUrl\":\"https:\/\/corpenza.com\/wp-content\/uploads\/2025\/10\/Avrupada-Ikinci-Vatandaslik-Talebinde-Artis-Nedenleri.avif\",\"datePublished\":\"2025-10-14T05:47:31+00:00\",\"dateModified\":\"2025-10-14T06:31:41+00:00\",\"description\":\"Explicamos las razones econ\u00f3micas, de seguridad y de calidad de vida detr\u00e1s del aumento de la demanda de segunda ciudadan\u00eda en Europa.\",\"breadcrumb\":{\"@id\":\"https:\/\/corpenza.com\/es\/causas-del-aumento-de-la-demanda-de-segunda-ciudadania-en-europa\/#breadcrumb\"},\"inLanguage\":\"es\",\"potentialAction\":[{\"@type\":\"ReadAction\",\"target\":[\"https:\/\/corpenza.com\/es\/causas-del-aumento-de-la-demanda-de-segunda-ciudadania-en-europa\/\"]}]},{\"@type\":\"ImageObject\",\"inLanguage\":\"es\",\"@id\":\"https:\/\/corpenza.com\/es\/causas-del-aumento-de-la-demanda-de-segunda-ciudadania-en-europa\/#primaryimage\",\"url\":\"https:\/\/corpenza.com\/wp-content\/uploads\/2025\/10\/Avrupada-Ikinci-Vatandaslik-Talebinde-Artis-Nedenleri.avif\",\"contentUrl\":\"https:\/\/corpenza.com\/wp-content\/uploads\/2025\/10\/Avrupada-Ikinci-Vatandaslik-Talebinde-Artis-Nedenleri.avif\",\"width\":1536,\"height\":1024,\"caption\":\"Avrupa\u2019da \u0130kinci Vatanda\u015fl\u0131k Talebinde Art\u0131\u015f Nedenleri\"},{\"@type\":\"BreadcrumbList\",\"@id\":\"https:\/\/corpenza.com\/es\/causas-del-aumento-de-la-demanda-de-segunda-ciudadania-en-europa\/#breadcrumb\",\"itemListElement\":[{\"@type\":\"ListItem\",\"position\":1,\"name\":\"Inicio\",\"item\":\"https:\/\/corpenza.com\/es\/\"},{\"@type\":\"ListItem\",\"position\":2,\"name\":\"Causas del aumento de la demanda de segunda ciudadan\u00eda en Europa\"}]},{\"@type\":\"WebSite\",\"@id\":\"https:\/\/corpenza.com\/es\/#website\",\"url\":\"https:\/\/corpenza.com\/es\/\",\"name\":\"Corpenza - Soluciones Globales Sin Fronteras\",\"description\":\"Corpenza ofrece servicios de permisos de residencia, constituci\u00f3n de empresas, visados dorados, contabilidad y n\u00f3minas a inversores, emprendedores y empleados.\",\"publisher\":{\"@id\":\"https:\/\/corpenza.com\/es\/#organization\"},\"potentialAction\":[{\"@type\":\"SearchAction\",\"target\":{\"@type\":\"EntryPoint\",\"urlTemplate\":\"https:\/\/corpenza.com\/es\/?s={search_term_string}\"},\"query-input\":{\"@type\":\"PropertyValueSpecification\",\"valueRequired\":true,\"valueName\":\"search_term_string\"}}],\"inLanguage\":\"es\"},{\"@type\":\"Organization\",\"@id\":\"https:\/\/corpenza.com\/es\/#organization\",\"name\":\"Corpenza - Soluciones Globales Sin Fronteras\",\"url\":\"https:\/\/corpenza.com\/es\/\",\"logo\":{\"@type\":\"ImageObject\",\"inLanguage\":\"es\",\"@id\":\"https:\/\/corpenza.com\/es\/#\/schema\/logo\/image\/\",\"url\":\"https:\/\/corpenza.com\/wp-content\/uploads\/2025\/10\/logo-light.svg\",\"contentUrl\":\"https:\/\/corpenza.com\/wp-content\/uploads\/2025\/10\/logo-light.svg\",\"width\":117,\"height\":40,\"caption\":\"Corpenza - Soluciones Globales Sin Fronteras\"},\"image\":{\"@id\":\"https:\/\/corpenza.com\/es\/#\/schema\/logo\/image\/\"}},{\"@type\":\"Person\",\"@id\":\"https:\/\/corpenza.com\/es\/#\/schema\/person\/315b2d32ed32ae973df7d7f617285a4f\",\"name\":\"Av. Berk T\u00fczel\",\"description\":\"2017'den bu yana yat\u0131r\u0131mc\u0131 ve giri\u015fimcilerin yurtd\u0131\u015f\u0131 s\u00fcre\u00e7lerinin planlamas\u0131nda rol al\u0131yorum.\",\"sameAs\":[\"https:\/\/corpenza.com\",\"https:\/\/www.linkedin.com\/in\/berk-tuzel\/\"],\"url\":\"https:\/\/corpenza.com\/es\/author\/tuzelberk\/\"}]}<\/script>\n<!-- \/ Yoast SEO plugin. -->","yoast_head_json":{"title":"Causas del aumento de la demanda de segunda ciudadan\u00eda en Europa - Corpenza - Soluciones Globales Sin Fronteras","description":"Explicamos las razones econ\u00f3micas, de seguridad y de calidad de vida detr\u00e1s del aumento de la demanda de segunda ciudadan\u00eda en Europa.","robots":{"index":"index","follow":"follow","max-snippet":"max-snippet:-1","max-image-preview":"max-image-preview:large","max-video-preview":"max-video-preview:-1"},"canonical":"https:\/\/corpenza.com\/es\/causas-del-aumento-de-la-demanda-de-segunda-ciudadania-en-europa\/","og_locale":"es_ES","og_type":"article","og_title":"Causas del aumento de la demanda de segunda ciudadan\u00eda en Europa - Corpenza - Soluciones Globales Sin Fronteras","og_description":"Explicamos las razones econ\u00f3micas, de seguridad y de calidad de vida detr\u00e1s del aumento de la demanda de segunda ciudadan\u00eda en Europa.","og_url":"https:\/\/corpenza.com\/es\/causas-del-aumento-de-la-demanda-de-segunda-ciudadania-en-europa\/","og_site_name":"Corpenza - Soluciones Globales Sin Fronteras","article_published_time":"2025-10-14T05:47:31+00:00","article_modified_time":"2025-10-14T06:31:41+00:00","og_image":[{"width":1536,"height":1024,"url":"https:\/\/corpenza.com\/wp-content\/uploads\/2025\/10\/Avrupada-Ikinci-Vatandaslik-Talebinde-Artis-Nedenleri.avif","type":"image\/png"}],"author":"Av. Berk T\u00fczel","twitter_card":"summary_large_image","twitter_misc":{"Escrito por":"Av. Berk T\u00fczel","Tiempo de lectura":"11 minutos"},"schema":{"@context":"https:\/\/schema.org","@graph":[{"@type":"Article","@id":"https:\/\/corpenza.com\/es\/causas-del-aumento-de-la-demanda-de-segunda-ciudadania-en-europa\/#article","isPartOf":{"@id":"https:\/\/corpenza.com\/es\/causas-del-aumento-de-la-demanda-de-segunda-ciudadania-en-europa\/"},"author":{"name":"Av. Berk T\u00fczel","@id":"https:\/\/corpenza.com\/es\/#\/schema\/person\/315b2d32ed32ae973df7d7f617285a4f"},"headline":"Causas del aumento de la demanda de segunda ciudadan\u00eda en Europa","datePublished":"2025-10-14T05:47:31+00:00","dateModified":"2025-10-14T06:31:41+00:00","mainEntityOfPage":{"@id":"https:\/\/corpenza.com\/es\/causas-del-aumento-de-la-demanda-de-segunda-ciudadania-en-europa\/"},"wordCount":2288,"publisher":{"@id":"https:\/\/corpenza.com\/es\/#organization"},"image":{"@id":"https:\/\/corpenza.com\/es\/causas-del-aumento-de-la-demanda-de-segunda-ciudadania-en-europa\/#primaryimage"},"thumbnailUrl":"https:\/\/corpenza.com\/wp-content\/uploads\/2025\/10\/Avrupada-Ikinci-Vatandaslik-Talebinde-Artis-Nedenleri.avif","articleSection":["Informe"],"inLanguage":"es"},{"@type":"WebPage","@id":"https:\/\/corpenza.com\/es\/causas-del-aumento-de-la-demanda-de-segunda-ciudadania-en-europa\/","url":"https:\/\/corpenza.com\/es\/causas-del-aumento-de-la-demanda-de-segunda-ciudadania-en-europa\/","name":"Causas del aumento de la demanda de segunda ciudadan\u00eda en Europa - Corpenza - Soluciones Globales Sin Fronteras","isPartOf":{"@id":"https:\/\/corpenza.com\/es\/#website"},"primaryImageOfPage":{"@id":"https:\/\/corpenza.com\/es\/causas-del-aumento-de-la-demanda-de-segunda-ciudadania-en-europa\/#primaryimage"},"image":{"@id":"https:\/\/corpenza.com\/es\/causas-del-aumento-de-la-demanda-de-segunda-ciudadania-en-europa\/#primaryimage"},"thumbnailUrl":"https:\/\/corpenza.com\/wp-content\/uploads\/2025\/10\/Avrupada-Ikinci-Vatandaslik-Talebinde-Artis-Nedenleri.avif","datePublished":"2025-10-14T05:47:31+00:00","dateModified":"2025-10-14T06:31:41+00:00","description":"Explicamos las razones econ\u00f3micas, de seguridad y de calidad de vida detr\u00e1s del aumento de la demanda de segunda ciudadan\u00eda en Europa.","breadcrumb":{"@id":"https:\/\/corpenza.com\/es\/causas-del-aumento-de-la-demanda-de-segunda-ciudadania-en-europa\/#breadcrumb"},"inLanguage":"es","potentialAction":[{"@type":"ReadAction","target":["https:\/\/corpenza.com\/es\/causas-del-aumento-de-la-demanda-de-segunda-ciudadania-en-europa\/"]}]},{"@type":"ImageObject","inLanguage":"es","@id":"https:\/\/corpenza.com\/es\/causas-del-aumento-de-la-demanda-de-segunda-ciudadania-en-europa\/#primaryimage","url":"https:\/\/corpenza.com\/wp-content\/uploads\/2025\/10\/Avrupada-Ikinci-Vatandaslik-Talebinde-Artis-Nedenleri.avif","contentUrl":"https:\/\/corpenza.com\/wp-content\/uploads\/2025\/10\/Avrupada-Ikinci-Vatandaslik-Talebinde-Artis-Nedenleri.avif","width":1536,"height":1024,"caption":"Avrupa\u2019da \u0130kinci Vatanda\u015fl\u0131k Talebinde Art\u0131\u015f Nedenleri"},{"@type":"BreadcrumbList","@id":"https:\/\/corpenza.com\/es\/causas-del-aumento-de-la-demanda-de-segunda-ciudadania-en-europa\/#breadcrumb","itemListElement":[{"@type":"ListItem","position":1,"name":"Inicio","item":"https:\/\/corpenza.com\/es\/"},{"@type":"ListItem","position":2,"name":"Causas del aumento de la demanda de segunda ciudadan\u00eda en Europa"}]},{"@type":"WebSite","@id":"https:\/\/corpenza.com\/es\/#website","url":"https:\/\/corpenza.com\/es\/","name":"Corpenza - Soluciones Globales Sin Fronteras","description":"Corpenza ofrece servicios de permisos de residencia, constituci\u00f3n de empresas, visados dorados, contabilidad y n\u00f3minas a inversores, emprendedores y empleados.","publisher":{"@id":"https:\/\/corpenza.com\/es\/#organization"},"potentialAction":[{"@type":"SearchAction","target":{"@type":"EntryPoint","urlTemplate":"https:\/\/corpenza.com\/es\/?s={search_term_string}"},"query-input":{"@type":"PropertyValueSpecification","valueRequired":true,"valueName":"search_term_string"}}],"inLanguage":"es"},{"@type":"Organization","@id":"https:\/\/corpenza.com\/es\/#organization","name":"Corpenza - Soluciones Globales Sin Fronteras","url":"https:\/\/corpenza.com\/es\/","logo":{"@type":"ImageObject","inLanguage":"es","@id":"https:\/\/corpenza.com\/es\/#\/schema\/logo\/image\/","url":"https:\/\/corpenza.com\/wp-content\/uploads\/2025\/10\/logo-light.svg","contentUrl":"https:\/\/corpenza.com\/wp-content\/uploads\/2025\/10\/logo-light.svg","width":117,"height":40,"caption":"Corpenza - Soluciones Globales Sin Fronteras"},"image":{"@id":"https:\/\/corpenza.com\/es\/#\/schema\/logo\/image\/"}},{"@type":"Person","@id":"https:\/\/corpenza.com\/es\/#\/schema\/person\/315b2d32ed32ae973df7d7f617285a4f","name":"Av. Berk T\u00fczel","description":"2017'den bu yana yat\u0131r\u0131mc\u0131 ve giri\u015fimcilerin yurtd\u0131\u015f\u0131 s\u00fcre\u00e7lerinin planlamas\u0131nda rol al\u0131yorum.","sameAs":["https:\/\/corpenza.com","https:\/\/www.linkedin.com\/in\/berk-tuzel\/"],"url":"https:\/\/corpenza.com\/es\/author\/tuzelberk\/"}]}},"_links":{"self":[{"href":"https:\/\/corpenza.com\/es\/wp-json\/wp\/v2\/posts\/990305","targetHints":{"allow":["GET"]}}],"collection":[{"href":"https:\/\/corpenza.com\/es\/wp-json\/wp\/v2\/posts"}],"about":[{"href":"https:\/\/corpenza.com\/es\/wp-json\/wp\/v2\/types\/post"}],"author":[{"embeddable":true,"href":"https:\/\/corpenza.com\/es\/wp-json\/wp\/v2\/users\/1"}],"replies":[{"embeddable":true,"href":"https:\/\/corpenza.com\/es\/wp-json\/wp\/v2\/comments?post=990305"}],"version-history":[{"count":0,"href":"https:\/\/corpenza.com\/es\/wp-json\/wp\/v2\/posts\/990305\/revisions"}],"wp:featuredmedia":[{"embeddable":true,"href":"https:\/\/corpenza.com\/es\/wp-json\/wp\/v2\/media\/990299"}],"wp:attachment":[{"href":"https:\/\/corpenza.com\/es\/wp-json\/wp\/v2\/media?parent=990305"}],"wp:term":[{"taxonomy":"category","embeddable":true,"href":"https:\/\/corpenza.com\/es\/wp-json\/wp\/v2\/categories?post=990305"},{"taxonomy":"post_tag","embeddable":true,"href":"https:\/\/corpenza.com\/es\/wp-json\/wp\/v2\/tags?post=990305"}],"curies":[{"name":"wp","href":"https:\/\/api.w.org\/{rel}","templated":true}]}}